[{"@context":"https:\/\/schema.org\/","@type":"Article","@id":"https:\/\/www.baston.cz\/proc-je-lepsi-placena-rehabilitace-nez-rehabilitace-hrazena-statem\/#Article","mainEntityOfPage":"https:\/\/www.baston.cz\/proc-je-lepsi-placena-rehabilitace-nez-rehabilitace-hrazena-statem\/","headline":"Pro\u010d je lep\u0161\u00ed placen\u00e1 rehabilitace ne\u017e rehabilitace hrazen\u00e1 st\u00e1tem?","name":"Pro\u010d je lep\u0161\u00ed placen\u00e1 rehabilitace ne\u017e rehabilitace hrazen\u00e1 st\u00e1tem?","description":"Je naprosto b\u011b\u017en\u00e9, \u017ee pokud m\u00e1te onemocn\u011bn\u00ed pohybov\u00e9ho apar\u00e1tu, je v\u00e1m p\u0159edepsan\u00e1 Rehabilitace m\u00e1 za c\u00edl obnovit va\u0161e fyzick\u00e9 schopnosti, nebo je alespo\u0148 zlep\u0161it. Tak\u00e9 m\u00e1 za \u00fakol v\u00e1m ulevit p\u0159i p\u0159\u00edpadn\u00fdch bolestech. P\u0159edepisuje se lidem, kte\u0159\u00ed jsou nap\u0159\u00edklad po \u00farazu, kte\u0159\u00ed maj\u00ed za sebou nemoc, kter\u00e1 ovlivnila jejich pohybov\u00fd apar\u00e1t a podobn\u011b. Zn\u00e1te ale [&hellip;]","datePublished":"2025-03-10","dateModified":"2025-03-10","author":{"@type":"Person","@id":"https:\/\/www.baston.cz\/author\/#Person","name":"","url":"https:\/\/www.baston.cz\/author\/","identifier":1,"image":{"@type":"ImageObject","@id":"https:\/\/secure.gravatar.com\/avatar\/c4e504508c75b610a351629e223ddd0c5b7858df84b2b7deedc4e007bdf99fc8?s=96&d=mm&r=g","url":"https:\/\/secure.gravatar.com\/avatar\/c4e504508c75b610a351629e223ddd0c5b7858df84b2b7deedc4e007bdf99fc8?s=96&d=mm&r=g","height":96,"width":96}},"publisher":{"@type":"Organization","name":"baston.cz","logo":{"@type":"ImageObject","@id":"\/logo.png","url":"\/logo.png","width":600,"height":60}},"image":{"@type":"ImageObject","@id":"https:\/\/www.baston.cz\/wp-content\/uploads\/raspopova-marina-KiekkWeEswE-unsplash.jpg","url":"https:\/\/www.baston.cz\/wp-content\/uploads\/raspopova-marina-KiekkWeEswE-unsplash.jpg","height":0,"width":0},"url":"https:\/\/www.baston.cz\/proc-je-lepsi-placena-rehabilitace-nez-rehabilitace-hrazena-statem\/","about":["Slu\u017eby"],"wordCount":414,"articleBody":"         Je naprosto b\u011b\u017en\u00e9, \u017ee pokud m\u00e1te onemocn\u011bn\u00ed pohybov\u00e9ho apar\u00e1tu, je v\u00e1m p\u0159edepsan\u00e1 Rehabilitace m\u00e1 za c\u00edl obnovit va\u0161e fyzick\u00e9 schopnosti, nebo je alespo\u0148 zlep\u0161it. Tak\u00e9 m\u00e1 za \u00fakol v\u00e1m ulevit p\u0159i p\u0159\u00edpadn\u00fdch bolestech. P\u0159edepisuje se lidem, kte\u0159\u00ed jsou nap\u0159\u00edklad po \u00farazu, kte\u0159\u00ed maj\u00ed za sebou nemoc, kter\u00e1 ovlivnila jejich pohybov\u00fd apar\u00e1t a podobn\u011b. Zn\u00e1te ale p\u0159\u00edpad n\u011bkoho, kdo absolvoval n\u011bkolik t\u00fddn\u016f rehabilitace a na konci cel\u00e9ho procesu nepoci\u0165oval \u017e\u00e1dn\u00e9 zlep\u0161en\u00ed? Vsad\u00edme se, \u017ee ano. Takov\u00e9 p\u0159\u00edpady jsou toti\u017e bohu\u017eel dost \u010dast\u00e9. A v posledn\u00edch letech jich p\u0159ib\u00fdv\u00e1. Pro\u010d je st\u00e1tem hrazen\u00e1 rehabilitace \u010dasto ne\u00fa\u010dinn\u00e1?  Individu\u00e1ln\u00ed p\u0159\u00edstup Pokud si hrad\u00edte rehabilitaci sami, m\u00e1te v\u00fdhodu v individu\u00e1ln\u00edm p\u0159\u00edstupu, kter\u00e9ho se v\u00e1m dostane. V p\u0159\u00edpad\u011b rehabilitace hrazen\u00e9 st\u00e1tem nemaj\u00ed odborn\u00edci tolik prostoru, aby se ka\u017ed\u00e9mu pacientovi v\u011bnovali individu\u00e1ln\u011b. A a\u010d to \u0159\u00edk\u00e1me neradi, n\u011bkdy nemaj\u00ed ani chu\u0165.  \u010cas U rehabilitace placen\u00e9 st\u00e1tem mus\u00ed j\u00edt v\u0161echno rychle. P\u0159esn\u011b vym\u011b\u0159en\u00fd \u00fasek na ka\u017ed\u00e9ho pacienta a \u0161up, na \u0159ad\u011b je dal\u0161\u00ed. \u017d\u00e1dn\u00e9 zdr\u017eov\u00e1n\u00ed. U soukrom\u00e9 rehabilitace s v\u00e1mi odborn\u00edci proberou, co by pro v\u00e1s bylo nejlep\u0161\u00ed a dle pot\u0159eby si m\u016f\u017eete p\u0159iplatit za del\u0161\u00ed \u010das, kter\u00fd na rehabilitaci str\u00e1v\u00edte. Je to p\u0159eci jen pro va\u0161e zdrav\u00ed.  V\u00fdkony neplacen\u00e9 z poji\u0161t\u011bn\u00ed Na rehabilitaci, kterou si nehrad\u00edte sami m\u00e1te k dispozici jen omezen\u00fd po\u010det v\u00fdkon\u016f, kter\u00fd s v\u00e1mi mohou rehabilita\u010dn\u00ed pracovn\u00edci prov\u00e1d\u011bt. Bohu\u017eel, takov\u00e1 pracovi\u0161t\u011b neumo\u017e\u0148uj\u00ed, aby se v\u00e1m dostalo mnohdy v\u00fdkon\u016f, kter\u00e9 by v\u00e1m mohly opravdu pomoci. Na soukrom\u00e9m pracovi\u0161ti m\u00e1te \u010dasto k dispozici daleko v\u011bt\u0161\u00ed rozsah slu\u017eeb, kter\u00e9 si m\u016f\u017eete dop\u0159\u00e1t. Psychika A svou roli m\u016f\u017ee hr\u00e1t i psychika. Pokud m\u00e1te rehabilitaci p\u0159edepsanou od l\u00e9ka\u0159e, m\u00e1te \u010dasto pocit, \u017ee na ni mus\u00edte. Nem\u00e1te tak velkou motivaci cvi\u010dit a v\u011bnovat se sv\u00e9mu uzdraven\u00ed tak, jak by bylo pot\u0159eba. Pokud si ji hrad\u00edte sami, obvykle zde funguje v\u011bt\u0161\u00ed motivace. A ta je pro va\u0161e uzdraven\u00ed d\u016fle\u017eit\u00e1.                                                                                                                                                                                                                                                                                                                                                                                          4.4\/5 - (9 votes)        "},{"@context":"https:\/\/schema.org\/","@type":"BreadcrumbList","itemListElement":[{"@type":"ListItem","position":1,"name":"Pro\u010d je lep\u0161\u00ed placen\u00e1 rehabilitace ne\u017e rehabilitace hrazen\u00e1 st\u00e1tem?","item":"https:\/\/www.baston.cz\/proc-je-lepsi-placena-rehabilitace-nez-rehabilitace-hrazena-statem\/#breadcrumbitem"}]}]