{"@context":"https:\/\/schema.org\/","@type":"CollectionPage","@id":"https:\/\/www.baston.cz\/kultura\/#CollectionPage","headline":"Kultura Category","description":"","url":"https:\/\/www.baston.cz\/kultura\/","hasPart":[{"@type":"Article","@id":"https:\/\/www.baston.cz\/party-pro-deti\/","headline":"P\u00e1rty pro d\u011bti","url":"https:\/\/www.baston.cz\/party-pro-deti\/","datePublished":"2023-05-05","dateModified":"2024-04-05","mainEntityOfPage":"https:\/\/www.baston.cz\/party-pro-deti\/","author":{"@type":"Person","@id":"https:\/\/www.baston.cz\/author\/#Person","name":"","url":"https:\/\/www.baston.cz\/author\/","identifier":1,"image":{"@type":"ImageObject","@id":"https:\/\/secure.gravatar.com\/avatar\/c4e504508c75b610a351629e223ddd0c5b7858df84b2b7deedc4e007bdf99fc8?s=96&d=mm&r=g","url":"https:\/\/secure.gravatar.com\/avatar\/c4e504508c75b610a351629e223ddd0c5b7858df84b2b7deedc4e007bdf99fc8?s=96&d=mm&r=g","height":96,"width":96}},"publisher":{"@type":"Organization","name":"baston.cz","logo":{"@type":"ImageObject","@id":"\/logo.png","url":"\/logo.png","width":600,"height":60}},"image":{"@type":"ImageObject","@id":"https:\/\/www.baston.cz\/wp-content\/uploads\/denver-1676444_960_720.jpg","url":"https:\/\/www.baston.cz\/wp-content\/uploads\/denver-1676444_960_720.jpg","height":0,"width":0},"keywords":null},{"@type":"Article","@id":"https:\/\/www.baston.cz\/zajimava-kultura\/","headline":"Zaj\u00edmav\u00e1 kultura","url":"https:\/\/www.baston.cz\/zajimava-kultura\/","datePublished":"2022-04-27","dateModified":"2023-05-24","mainEntityOfPage":"https:\/\/www.baston.cz\/zajimava-kultura\/","author":{"@type":"Person","@id":"https:\/\/www.baston.cz\/author\/#Person","name":"","url":"https:\/\/www.baston.cz\/author\/","identifier":1,"image":{"@type":"ImageObject","@id":"https:\/\/secure.gravatar.com\/avatar\/c4e504508c75b610a351629e223ddd0c5b7858df84b2b7deedc4e007bdf99fc8?s=96&d=mm&r=g","url":"https:\/\/secure.gravatar.com\/avatar\/c4e504508c75b610a351629e223ddd0c5b7858df84b2b7deedc4e007bdf99fc8?s=96&d=mm&r=g","height":96,"width":96}},"publisher":{"@type":"Organization","name":"baston.cz","logo":{"@type":"ImageObject","@id":"\/logo.png","url":"\/logo.png","width":600,"height":60}},"image":{"@type":"ImageObject","@id":"https:\/\/www.baston.cz\/wp-content\/uploads\/pexels-silvio-barbosa-843256_2.jpg","url":"https:\/\/www.baston.cz\/wp-content\/uploads\/pexels-silvio-barbosa-843256_2.jpg","height":0,"width":0},"keywords":null},{"@type":"Article","@id":"https:\/\/www.baston.cz\/letni-festivaly-jako-kulturni-zazitek\/","headline":"Letn\u00ed festivaly jako kulturn\u00ed z\u00e1\u017eitek","url":"https:\/\/www.baston.cz\/letni-festivaly-jako-kulturni-zazitek\/","datePublished":"2020-01-16","dateModified":"2023-05-24","mainEntityOfPage":"https:\/\/www.baston.cz\/letni-festivaly-jako-kulturni-zazitek\/","author":{"@type":"Person","@id":"https:\/\/www.baston.cz\/author\/#Person","name":"","url":"https:\/\/www.baston.cz\/author\/","identifier":1,"image":{"@type":"ImageObject","@id":"https:\/\/secure.gravatar.com\/avatar\/c4e504508c75b610a351629e223ddd0c5b7858df84b2b7deedc4e007bdf99fc8?s=96&d=mm&r=g","url":"https:\/\/secure.gravatar.com\/avatar\/c4e504508c75b610a351629e223ddd0c5b7858df84b2b7deedc4e007bdf99fc8?s=96&d=mm&r=g","height":96,"width":96}},"publisher":{"@type":"Organization","name":"baston.cz","logo":{"@type":"ImageObject","@id":"\/logo.png","url":"\/logo.png","width":600,"height":60}},"image":{"@type":"ImageObject","@id":"https:\/\/www.baston.cz\/wp-content\/uploads\/img_a367649_w4377_t1580138040.jpg","url":"https:\/\/www.baston.cz\/wp-content\/uploads\/img_a367649_w4377_t1580138040.jpg","height":0,"width":0},"keywords":null}]}