[{"@context":"https:\/\/schema.org\/","@type":"Article","@id":"https:\/\/www.baston.cz\/kdyz-se-rekne-a-dost\/#Article","mainEntityOfPage":"https:\/\/www.baston.cz\/kdyz-se-rekne-a-dost\/","headline":"Kdy\u017e se \u0159ekne: A dost!","name":"Kdy\u017e se \u0159ekne: A dost!","description":"To v\u00e1m po\u0159\u00e1d v\u0161echno chutn\u00e1, doma, v j\u00eddeln\u011b i v restauraci. Nejv\u00edce v\u00e1m v\u0161ak chutn\u00e1 ve\u010der a sladk\u00e9. Dobr\u00e9 na nervy, \u0159\u00edk\u00e1 se. Jenom\u017ee pak se uvid\u00edte na fotografi\u00edch nebo na videu a leknete se. Tu\u010d\u0148\u00e1k, maxipes, postava bomba, pan\u00e1\u010dek mi\u0161elinek a kdov\u00edjak v\u00e1m nad\u00e1vali u\u017e na z\u00e1kladn\u00ed \u0161kole. Jenom\u017ee dnes jste vlastn\u00edm p\u00e1nem a [&hellip;]","datePublished":"2025-02-11","dateModified":"2025-02-11","author":{"@type":"Person","@id":"https:\/\/www.baston.cz\/author\/#Person","name":"","url":"https:\/\/www.baston.cz\/author\/","identifier":1,"image":{"@type":"ImageObject","@id":"https:\/\/secure.gravatar.com\/avatar\/c4e504508c75b610a351629e223ddd0c5b7858df84b2b7deedc4e007bdf99fc8?s=96&d=mm&r=g","url":"https:\/\/secure.gravatar.com\/avatar\/c4e504508c75b610a351629e223ddd0c5b7858df84b2b7deedc4e007bdf99fc8?s=96&d=mm&r=g","height":96,"width":96}},"publisher":{"@type":"Organization","name":"baston.cz","logo":{"@type":"ImageObject","@id":"\/logo.png","url":"\/logo.png","width":600,"height":60}},"url":"https:\/\/www.baston.cz\/kdyz-se-rekne-a-dost\/","wordCount":180,"articleBody":"To v\u00e1m po\u0159\u00e1d v\u0161echno chutn\u00e1, doma, v j\u00eddeln\u011b i v restauraci. Nejv\u00edce v\u00e1m v\u0161ak chutn\u00e1 ve\u010der a sladk\u00e9. Dobr\u00e9 na nervy, \u0159\u00edk\u00e1 se. Jenom\u017ee pak se uvid\u00edte na fotografi\u00edch nebo na videu a leknete se. Tu\u010d\u0148\u00e1k, maxipes, postava bomba, pan\u00e1\u010dek mi\u0161elinek a kdov\u00edjak v\u00e1m nad\u00e1vali u\u017e na z\u00e1kladn\u00ed \u0161kole. Jenom\u017ee dnes jste vlastn\u00edm p\u00e1nem a tohle u\u017e nikdy nechcete sly\u0161et. Zabr\u00e1nit v tom dok\u00e1\u017ee emulips forte xxl.\u0158\u00e1dn\u00e9 u\u017e\u00edv\u00e1n\u00edJe pravda, \u017ee emulips forte xxl mus\u00edte u\u017e\u00edvat pravideln\u011b, \u017ee n\u011bco stoj\u00ed, a tak\u00e9 \u017ee je zcela bezkonkuren\u010dn\u00ed. D\u00e1le, \u017ee podpo\u0159\u00ed dobrou funkci va\u0161eho tr\u00e1vic\u00edho traktu a dod\u00e1 kladn\u00e9 \u00fa\u010dinky va\u0161\u00ed nervov\u00e9 soustav\u011b. Samoz\u0159ejm\u011b \u017ee se nedoporu\u010duje p\u0159ej\u00edd\u00e1n\u00ed, doj\u00edd\u00e1n\u00ed se, a hlavn\u011b je t\u0159eba u\u017e\u00edvat tak\u00e9 dostatek tekutin. P\u0159i dodr\u017een\u00ed v\u0161ech doporu\u010den\u00fdch z\u00e1sad v\u011bzte, \u017ee budete mile p\u0159ekvapeni.                                                                                                                                                                                                                                                                                                                                                                                        1\/5 - (1 vote)        "},{"@context":"https:\/\/schema.org\/","@type":"BreadcrumbList","itemListElement":[{"@type":"ListItem","position":1,"name":"Kdy\u017e se \u0159ekne: A dost!","item":"https:\/\/www.baston.cz\/kdyz-se-rekne-a-dost\/#breadcrumbitem"}]}]