[{"@context":"https:\/\/schema.org\/","@type":"Article","@id":"https:\/\/www.baston.cz\/kde-je-vhodne-pouzit-dekorativni-lampy-a-kam-by-mel-prijit-dekoracni-andel\/#Article","mainEntityOfPage":"https:\/\/www.baston.cz\/kde-je-vhodne-pouzit-dekorativni-lampy-a-kam-by-mel-prijit-dekoracni-andel\/","headline":"Kde je vhodn\u00e9 pou\u017e\u00edt dekorativn\u00ed lampy a kam by m\u011bl p\u0159ij\u00edt dekora\u010dn\u00ed and\u011bl?","name":"Kde je vhodn\u00e9 pou\u017e\u00edt dekorativn\u00ed lampy a kam by m\u011bl p\u0159ij\u00edt dekora\u010dn\u00ed and\u011bl?","description":"Ka\u017ed\u00fd z n\u00e1s se chce ve sv\u00e9m domov\u011b c\u00edtit co nejl\u00e9pe. M\u011blo by to b\u00fdt m\u00edsto odpo\u010dinku a relaxace, kde m\u016f\u017eeme nabrat s\u00edly na dal\u0161\u00ed n\u00e1ro\u010dn\u00fd pracovn\u00ed den. Av\u0161ak k tomu je pot\u0159eba, abychom se zde c\u00edtili skute\u010dn\u011b dob\u0159e. A k tomu je zase nutn\u00e9, aby se n\u00e1m doma l\u00edbilo. Je tedy d\u016fle\u017eit\u00e9, abychom si [&hellip;]","datePublished":"2021-09-06","dateModified":"2023-05-24","author":{"@type":"Person","@id":"https:\/\/www.baston.cz\/author\/#Person","name":"","url":"https:\/\/www.baston.cz\/author\/","identifier":1,"image":{"@type":"ImageObject","@id":"https:\/\/secure.gravatar.com\/avatar\/c4e504508c75b610a351629e223ddd0c5b7858df84b2b7deedc4e007bdf99fc8?s=96&d=mm&r=g","url":"https:\/\/secure.gravatar.com\/avatar\/c4e504508c75b610a351629e223ddd0c5b7858df84b2b7deedc4e007bdf99fc8?s=96&d=mm&r=g","height":96,"width":96}},"publisher":{"@type":"Organization","name":"baston.cz","logo":{"@type":"ImageObject","@id":"\/logo.png","url":"\/logo.png","width":600,"height":60}},"image":{"@type":"ImageObject","@id":"https:\/\/www.baston.cz\/wp-content\/uploads\/nab%C3%ADdka%20dekora%C4%8Dn%C3%ADch%20sv%C4%9Btel%20v%20obchod%C4%9B_RCg2p6.jpg","url":"https:\/\/www.baston.cz\/wp-content\/uploads\/nab%C3%ADdka%20dekora%C4%8Dn%C3%ADch%20sv%C4%9Btel%20v%20obchod%C4%9B_RCg2p6.jpg","height":0,"width":0},"url":"https:\/\/www.baston.cz\/kde-je-vhodne-pouzit-dekorativni-lampy-a-kam-by-mel-prijit-dekoracni-andel\/","about":["Produkty"],"wordCount":421,"articleBody":"        Ka\u017ed\u00fd z n\u00e1s se chce ve sv\u00e9m domov\u011b c\u00edtit co nejl\u00e9pe. M\u011blo by to b\u00fdt m\u00edsto odpo\u010dinku a relaxace, kde m\u016f\u017eeme nabrat s\u00edly na dal\u0161\u00ed n\u00e1ro\u010dn\u00fd pracovn\u00ed den. Av\u0161ak k tomu je pot\u0159eba, abychom se zde c\u00edtili skute\u010dn\u011b dob\u0159e. A k tomu je zase nutn\u00e9, aby se n\u00e1m doma l\u00edbilo.  Je tedy d\u016fle\u017eit\u00e9, abychom si zde vytvo\u0159ili takovou atmosf\u00e9ru, kter\u00e1 n\u00e1m bude vyhovovat. K tomuto \u00fa\u010delu jsou pou\u017e\u00edv\u00e1ny i nejr\u016fzn\u011bj\u0161\u00ed dekora\u010dn\u00ed p\u0159edm\u011bty. Nejobvyklej\u0161\u00ed jsou samoz\u0159ejm\u011b obrazy \u010di kv\u011btiny, av\u0161ak nejsou jedin\u00e9. Jedn\u00edm z \u010dast\u00fdch typ\u016f jsou dekorativn\u00ed lampy. Ty maj\u00ed tu v\u00fdhodu, \u017ee nemus\u00ed slou\u017eit jen k estetick\u00e9mu \u00fa\u010delu, n\u00fdbr\u017e n\u00e1m mohou i poskytnout osv\u011btlen\u00ed. Od t\u011bch klasick\u00fdch se li\u0161\u00ed p\u0159edev\u0161\u00edm t\u00edm, \u017ee maj\u00ed ozdobn\u00e9 \u010di zvl\u00e1\u0161tn\u011b tvarovan\u00e9 st\u00edn\u00edtko. Dal\u0161\u00ed v\u011bc\u00ed, kterou lze pou\u017e\u00edt, jsou nejr\u016fzn\u011bj\u0161\u00ed so\u0161ky, jako je nap\u0159\u00edklad dekora\u010dn\u00ed and\u011bl. T\u011bch najdeme velk\u00e9 mno\u017estv\u00ed nejr\u016fzn\u011bj\u0161\u00edch druh\u016f prakticky v jak\u00e9mkoliv obchod\u011b s dekoracemi, do kter\u00e9ho zav\u00edt\u00e1me. Ov\u0161em, podobn\u011b jako v p\u0159\u00edpad\u011b lamp, nen\u00ed snadn\u00e9 se rozhodnout, kter\u00fd typ pro n\u00e1s bude nejvhodn\u011bj\u0161\u00ed. Abychom vybrali spr\u00e1vn\u011b, mus\u00edme si v prvn\u00ed \u0159ad\u011b uv\u011bdomit n\u011bkolik v\u011bc\u00ed. V prvn\u00ed \u0159ad\u011b si mus\u00edme \u0159\u00edci, zda bude tato lampa \u010di and\u011bl t\u00edm hlavn\u00edm prvkem v m\u00edstnosti, na kter\u00fd se m\u00e1 soust\u0159edit pozornost, nebo zda ji maj\u00ed jen vhodn\u011b dopl\u0148ovat. Tak\u00e9 je pot\u0159eba zvolit spr\u00e1vn\u00fd materi\u00e1l. Nap\u0159\u00edklad do modern\u00edho domu se pravd\u011bpodobn\u011b nebude hodit lampi\u010dka ve star\u00e9m stylu \u010di and\u011bl\u00ed\u010dek vy\u0159ez\u00e1van\u00fd ze d\u0159eva. To sam\u00e9 pak samoz\u0159ejm\u011b plat\u00ed i opa\u010dn\u011b.  Zde je nutn\u00e9 b\u00fdt realistick\u00fd a nevyb\u00edrat pouze podle toho, \u017ee se n\u00e1m dan\u00fd individu\u00e1ln\u00ed kus l\u00edb\u00ed. V\u017edy je nutn\u00e9 si jej dosadit do kontextu m\u00edsta, kde bude um\u00edst\u011bn, a p\u0159edstavit si jej tam. Jist\u011b, obchody tomu p\u0159\u00edli\u0161 nepom\u00e1haj\u00ed, av\u0161ak jejich c\u00edlem je koneckonc\u016f prodat, nic v\u00edc. Proto je jen na n\u00e1s, abychom vyb\u00edrali spr\u00e1vn\u011b. Jen tak se n\u00e1\u0161 d\u016fm \u010di byt stane skute\u010dn\u00fdm domovem.                                                                                                                                                                                                                                                                                                                                                                                          3.7\/5 - (7 votes)        "},{"@context":"https:\/\/schema.org\/","@type":"BreadcrumbList","itemListElement":[{"@type":"ListItem","position":1,"name":"Kde je vhodn\u00e9 pou\u017e\u00edt dekorativn\u00ed lampy a kam by m\u011bl p\u0159ij\u00edt dekora\u010dn\u00ed and\u011bl?","item":"https:\/\/www.baston.cz\/kde-je-vhodne-pouzit-dekorativni-lampy-a-kam-by-mel-prijit-dekoracni-andel\/#breadcrumbitem"}]}]