[{"@context":"https:\/\/schema.org\/","@type":"Article","@id":"https:\/\/www.baston.cz\/chorvatsko-dovolena\/#Article","mainEntityOfPage":"https:\/\/www.baston.cz\/chorvatsko-dovolena\/","headline":"Chorvatsko dovolen\u00e1","name":"Chorvatsko dovolen\u00e1","description":"Dovolenkov\u00e1 destinace, do kter\u00e9 ro\u010dn\u011b sm\u011b\u0159uje asi nejv\u00edce \u010cech\u016f, je Chorvatsko. N\u00e1dhern\u00e1 zem\u011b na b\u0159ehu Jadersk\u00e9ho mo\u0159e. Toto mo\u0159e je vlastn\u011b l\u00e1kadlem, kv\u016fli kter\u00e9mu si \u010ce\u0161i, a nejen oni, vyb\u00edraj\u00ed za c\u00edl sv\u00e9 letn\u00ed Chorvatsko dovolen\u00e1 pr\u00e1v\u011b tuto zemi. N\u011bkte\u0159\u00ed z v\u00e1s m\u011bli to \u0161t\u011bst\u00ed, Chorvatsko dovolen\u00e1 za\u017eili je\u0161t\u011b v \u010dasech, kdy bylo sou\u010d\u00e1st\u00ed Jugosl\u00e1vie, [&hellip;]","datePublished":"2025-01-25","dateModified":"2025-01-25","author":{"@type":"Person","@id":"https:\/\/www.baston.cz\/author\/#Person","name":"","url":"https:\/\/www.baston.cz\/author\/","identifier":1,"image":{"@type":"ImageObject","@id":"https:\/\/secure.gravatar.com\/avatar\/c4e504508c75b610a351629e223ddd0c5b7858df84b2b7deedc4e007bdf99fc8?s=96&d=mm&r=g","url":"https:\/\/secure.gravatar.com\/avatar\/c4e504508c75b610a351629e223ddd0c5b7858df84b2b7deedc4e007bdf99fc8?s=96&d=mm&r=g","height":96,"width":96}},"publisher":{"@type":"Organization","name":"baston.cz","logo":{"@type":"ImageObject","@id":"\/logo.png","url":"\/logo.png","width":600,"height":60}},"url":"https:\/\/www.baston.cz\/chorvatsko-dovolena\/","wordCount":174,"articleBody":"Dovolenkov\u00e1 destinace, do kter\u00e9 ro\u010dn\u011b sm\u011b\u0159uje asi nejv\u00edce \u010cech\u016f, je Chorvatsko. N\u00e1dhern\u00e1 zem\u011b na b\u0159ehu Jadersk\u00e9ho mo\u0159e. Toto mo\u0159e je vlastn\u011b l\u00e1kadlem, kv\u016fli kter\u00e9mu si \u010ce\u0161i, a nejen oni, vyb\u00edraj\u00ed za c\u00edl sv\u00e9 letn\u00ed Chorvatsko dovolen\u00e1 pr\u00e1v\u011b tuto zemi. N\u011bkte\u0159\u00ed z v\u00e1s m\u011bli to \u0161t\u011bst\u00ed, Chorvatsko dovolen\u00e1 za\u017eili je\u0161t\u011b v \u010dasech, kdy bylo sou\u010d\u00e1st\u00ed Jugosl\u00e1vie, a kdy se tam jen tak jednodu\u0161e vycestovat nestalo. Pot\u0159ebovali jste na to devizov\u00fd p\u0159\u00edslib a byli jste \u0161\u0165astni, pokud se v\u00e1m to poda\u0159ilo! Dalo se do t\u00e9to p\u0159\u00edmo\u0159sk\u00e9 zem\u011b cestovat z Prahy do Rijeky a str\u00e1vit tam t\u0159eba n\u00e1dhern\u00fdch hork\u00fdch \u010dtrn\u00e1ct dn\u016f. Devizov\u00fd p\u0159\u00edslib na Chorvatsko dovolen\u00e1 &#8211; co to je??? Na b\u00e1je\u010dnou Chorvatsko dovolen\u00e1 s n\u00e1mi v\u00e1m dnes sta\u010d\u00ed ob\u010dansk\u00fd pr\u016fkaz, dv\u011b tri\u010dka, dvoje kra\u0165asy a skromn\u00e9 kapesn\u00e9? Objedn\u00e1vejte!                                                                                                                                                                                                                                                                                                                                                                                        4.4\/5 - (5 votes)        "},{"@context":"https:\/\/schema.org\/","@type":"BreadcrumbList","itemListElement":[{"@type":"ListItem","position":1,"name":"Chorvatsko dovolen\u00e1","item":"https:\/\/www.baston.cz\/chorvatsko-dovolena\/#breadcrumbitem"}]}]