[{"@context":"https:\/\/schema.org\/","@type":"Blog","@id":"https:\/\/www.baston.cz#Blog","headline":"Baston","description":"\nNa internetu je n\u00e1m nab\u00edzeno prakticky cokoliv. Jen\u017ee projev\u00edme-li z\u00e1jem, ne v\u017edy odpov\u00edd\u00e1 realita on\u00e9 nab\u00eddce. A proto je lep\u0161\u00ed vsadit na n\u00e1s. My nezklameme.","url":"https:\/\/www.baston.cz","hasPart":[{"@type":"Article","@id":"https:\/\/www.baston.cz\/je-perova-bunda-tim-nejlepsim-vyberem-na-zimu-co-vedet-pred-nakupem\/","headline":"Je p\u00e9\u0159ov\u00e1 bunda t\u00edm nejlep\u0161\u00edm v\u00fdb\u011brem na zimu? Co v\u011bd\u011bt p\u0159ed n\u00e1kupem","url":"https:\/\/www.baston.cz\/je-perova-bunda-tim-nejlepsim-vyberem-na-zimu-co-vedet-pred-nakupem\/","datePublished":"2025-12-09","dateModified":"2025-12-09","mainEntityOfPage":"https:\/\/www.baston.cz\/je-perova-bunda-tim-nejlepsim-vyberem-na-zimu-co-vedet-pred-nakupem\/","author":{"@type":"Person","@id":"https:\/\/www.baston.cz\/author\/#Person","name":"","url":"https:\/\/www.baston.cz\/author\/","identifier":1,"image":{"@type":"ImageObject","@id":"https:\/\/secure.gravatar.com\/avatar\/c4e504508c75b610a351629e223ddd0c5b7858df84b2b7deedc4e007bdf99fc8?s=96&d=mm&r=g","url":"https:\/\/secure.gravatar.com\/avatar\/c4e504508c75b610a351629e223ddd0c5b7858df84b2b7deedc4e007bdf99fc8?s=96&d=mm&r=g","height":96,"width":96}},"publisher":{"@type":"Organization","name":"baston.cz","logo":{"@type":"ImageObject","@id":"\/logo.png","url":"\/logo.png","width":600,"height":60}},"image":{"@type":"ImageObject","@id":"https:\/\/www.baston.cz\/wp-content\/uploads\/perova_budna_Z1kJV4.png","url":"https:\/\/www.baston.cz\/wp-content\/uploads\/perova_budna_Z1kJV4.png","height":0,"width":0},"wordCount":1060,"keywords":null},{"@type":"Article","@id":"https:\/\/www.baston.cz\/o-vyhodach-oslavy-pod-party-stanem\/","headline":"O v\u00fdhod\u00e1ch oslavy pod party stanem","url":"https:\/\/www.baston.cz\/o-vyhodach-oslavy-pod-party-stanem\/","datePublished":"2025-09-03","dateModified":"2025-09-03","mainEntityOfPage":"https:\/\/www.baston.cz\/o-vyhodach-oslavy-pod-party-stanem\/","author":{"@type":"Person","@id":"https:\/\/www.baston.cz\/author\/#Person","name":"","url":"https:\/\/www.baston.cz\/author\/","identifier":1,"image":{"@type":"ImageObject","@id":"https:\/\/secure.gravatar.com\/avatar\/c4e504508c75b610a351629e223ddd0c5b7858df84b2b7deedc4e007bdf99fc8?s=96&d=mm&r=g","url":"https:\/\/secure.gravatar.com\/avatar\/c4e504508c75b610a351629e223ddd0c5b7858df84b2b7deedc4e007bdf99fc8?s=96&d=mm&r=g","height":96,"width":96}},"publisher":{"@type":"Organization","name":"baston.cz","logo":{"@type":"ImageObject","@id":"\/logo.png","url":"\/logo.png","width":600,"height":60}},"image":{"@type":"ImageObject","@id":"https:\/\/www.baston.cz\/wp-content\/uploads\/cookies-8209747_640_5.jpg","url":"https:\/\/www.baston.cz\/wp-content\/uploads\/cookies-8209747_640_5.jpg","height":0,"width":0},"wordCount":614,"keywords":null},{"@type":"Article","@id":"https:\/\/www.baston.cz\/jake-mame-typy\/","headline":"Jak\u00e9 m\u00e1me typy","url":"https:\/\/www.baston.cz\/jake-mame-typy\/","datePublished":"2025-08-29","dateModified":"2025-08-29","mainEntityOfPage":"https:\/\/www.baston.cz\/jake-mame-typy\/","author":{"@type":"Person","@id":"https:\/\/www.baston.cz\/author\/#Person","name":"","url":"https:\/\/www.baston.cz\/author\/","identifier":1,"image":{"@type":"ImageObject","@id":"https:\/\/secure.gravatar.com\/avatar\/c4e504508c75b610a351629e223ddd0c5b7858df84b2b7deedc4e007bdf99fc8?s=96&d=mm&r=g","url":"https:\/\/secure.gravatar.com\/avatar\/c4e504508c75b610a351629e223ddd0c5b7858df84b2b7deedc4e007bdf99fc8?s=96&d=mm&r=g","height":96,"width":96}},"publisher":{"@type":"Organization","name":"baston.cz","logo":{"@type":"ImageObject","@id":"\/logo.png","url":"\/logo.png","width":600,"height":60}},"image":null,"wordCount":216,"keywords":null},{"@type":"Article","@id":"https:\/\/www.baston.cz\/komfortnejsi-zivot-ve-svem-dome\/","headline":"Komfortn\u011bj\u0161\u00ed \u017eivot ve sv\u00e9m dom\u011b","url":"https:\/\/www.baston.cz\/komfortnejsi-zivot-ve-svem-dome\/","datePublished":"2025-08-22","dateModified":"2025-08-22","mainEntityOfPage":"https:\/\/www.baston.cz\/komfortnejsi-zivot-ve-svem-dome\/","author":{"@type":"Person","@id":"https:\/\/www.baston.cz\/author\/#Person","name":"","url":"https:\/\/www.baston.cz\/author\/","identifier":1,"image":{"@type":"ImageObject","@id":"https:\/\/secure.gravatar.com\/avatar\/c4e504508c75b610a351629e223ddd0c5b7858df84b2b7deedc4e007bdf99fc8?s=96&d=mm&r=g","url":"https:\/\/secure.gravatar.com\/avatar\/c4e504508c75b610a351629e223ddd0c5b7858df84b2b7deedc4e007bdf99fc8?s=96&d=mm&r=g","height":96,"width":96}},"publisher":{"@type":"Organization","name":"baston.cz","logo":{"@type":"ImageObject","@id":"\/logo.png","url":"\/logo.png","width":600,"height":60}},"image":null,"wordCount":211,"keywords":null},{"@type":"Article","@id":"https:\/\/www.baston.cz\/calm-music\/","headline":"Calm music","url":"https:\/\/www.baston.cz\/calm-music\/","datePublished":"2025-08-17","dateModified":"2025-08-17","mainEntityOfPage":"https:\/\/www.baston.cz\/calm-music\/","author":{"@type":"Person","@id":"https:\/\/www.baston.cz\/author\/#Person","name":"","url":"https:\/\/www.baston.cz\/author\/","identifier":1,"image":{"@type":"ImageObject","@id":"https:\/\/secure.gravatar.com\/avatar\/c4e504508c75b610a351629e223ddd0c5b7858df84b2b7deedc4e007bdf99fc8?s=96&d=mm&r=g","url":"https:\/\/secure.gravatar.com\/avatar\/c4e504508c75b610a351629e223ddd0c5b7858df84b2b7deedc4e007bdf99fc8?s=96&d=mm&r=g","height":96,"width":96}},"publisher":{"@type":"Organization","name":"baston.cz","logo":{"@type":"ImageObject","@id":"\/logo.png","url":"\/logo.png","width":600,"height":60}},"image":{"@type":"ImageObject","@id":"https:\/\/www.baston.cz\/wp-content\/uploads\/trombone-2548982_640.jpg","url":"https:\/\/www.baston.cz\/wp-content\/uploads\/trombone-2548982_640.jpg","height":0,"width":0},"wordCount":519,"keywords":null},{"@type":"Article","@id":"https:\/\/www.baston.cz\/zlatnicky-mistr-ktery-vam-vyjde-vstric-ve-vasich-pranich\/","headline":"Zlatnick\u00fd mistr, kter\u00fd V\u00e1m vyjde vst\u0159\u00edc ve Va\u0161ich p\u0159\u00e1n\u00edch","url":"https:\/\/www.baston.cz\/zlatnicky-mistr-ktery-vam-vyjde-vstric-ve-vasich-pranich\/","datePublished":"2025-08-13","dateModified":"2025-08-13","mainEntityOfPage":"https:\/\/www.baston.cz\/zlatnicky-mistr-ktery-vam-vyjde-vstric-ve-vasich-pranich\/","author":{"@type":"Person","@id":"https:\/\/www.baston.cz\/author\/#Person","name":"","url":"https:\/\/www.baston.cz\/author\/","identifier":1,"image":{"@type":"ImageObject","@id":"https:\/\/secure.gravatar.com\/avatar\/c4e504508c75b610a351629e223ddd0c5b7858df84b2b7deedc4e007bdf99fc8?s=96&d=mm&r=g","url":"https:\/\/secure.gravatar.com\/avatar\/c4e504508c75b610a351629e223ddd0c5b7858df84b2b7deedc4e007bdf99fc8?s=96&d=mm&r=g","height":96,"width":96}},"publisher":{"@type":"Organization","name":"baston.cz","logo":{"@type":"ImageObject","@id":"\/logo.png","url":"\/logo.png","width":600,"height":60}},"image":null,"wordCount":233,"keywords":null},{"@type":"Article","@id":"https:\/\/www.baston.cz\/pro-pohodu-pri-praci\/","headline":"Pro pohodu p\u0159i pr\u00e1ci","url":"https:\/\/www.baston.cz\/pro-pohodu-pri-praci\/","datePublished":"2025-08-08","dateModified":"2025-08-08","mainEntityOfPage":"https:\/\/www.baston.cz\/pro-pohodu-pri-praci\/","author":{"@type":"Person","@id":"https:\/\/www.baston.cz\/author\/#Person","name":"","url":"https:\/\/www.baston.cz\/author\/","identifier":1,"image":{"@type":"ImageObject","@id":"https:\/\/secure.gravatar.com\/avatar\/c4e504508c75b610a351629e223ddd0c5b7858df84b2b7deedc4e007bdf99fc8?s=96&d=mm&r=g","url":"https:\/\/secure.gravatar.com\/avatar\/c4e504508c75b610a351629e223ddd0c5b7858df84b2b7deedc4e007bdf99fc8?s=96&d=mm&r=g","height":96,"width":96}},"publisher":{"@type":"Organization","name":"baston.cz","logo":{"@type":"ImageObject","@id":"\/logo.png","url":"\/logo.png","width":600,"height":60}},"image":null,"wordCount":277,"keywords":null},{"@type":"Article","@id":"https:\/\/www.baston.cz\/osetreni-vody\/","headline":"O\u0161et\u0159en\u00ed vody","url":"https:\/\/www.baston.cz\/osetreni-vody\/","datePublished":"2025-07-31","dateModified":"2025-07-31","mainEntityOfPage":"https:\/\/www.baston.cz\/osetreni-vody\/","author":{"@type":"Person","@id":"https:\/\/www.baston.cz\/author\/#Person","name":"","url":"https:\/\/www.baston.cz\/author\/","identifier":1,"image":{"@type":"ImageObject","@id":"https:\/\/secure.gravatar.com\/avatar\/c4e504508c75b610a351629e223ddd0c5b7858df84b2b7deedc4e007bdf99fc8?s=96&d=mm&r=g","url":"https:\/\/secure.gravatar.com\/avatar\/c4e504508c75b610a351629e223ddd0c5b7858df84b2b7deedc4e007bdf99fc8?s=96&d=mm&r=g","height":96,"width":96}},"publisher":{"@type":"Organization","name":"baston.cz","logo":{"@type":"ImageObject","@id":"\/logo.png","url":"\/logo.png","width":600,"height":60}},"image":null,"wordCount":302,"keywords":null},{"@type":"Article","@id":"https:\/\/www.baston.cz\/s-nami-vas-nic-nezaskoci\/","headline":"S n\u00e1mi v\u00e1s nic nezasko\u010d\u00ed","url":"https:\/\/www.baston.cz\/s-nami-vas-nic-nezaskoci\/","datePublished":"2025-07-27","dateModified":"2025-07-27","mainEntityOfPage":"https:\/\/www.baston.cz\/s-nami-vas-nic-nezaskoci\/","author":{"@type":"Person","@id":"https:\/\/www.baston.cz\/author\/#Person","name":"","url":"https:\/\/www.baston.cz\/author\/","identifier":1,"image":{"@type":"ImageObject","@id":"https:\/\/secure.gravatar.com\/avatar\/c4e504508c75b610a351629e223ddd0c5b7858df84b2b7deedc4e007bdf99fc8?s=96&d=mm&r=g","url":"https:\/\/secure.gravatar.com\/avatar\/c4e504508c75b610a351629e223ddd0c5b7858df84b2b7deedc4e007bdf99fc8?s=96&d=mm&r=g","height":96,"width":96}},"publisher":{"@type":"Organization","name":"baston.cz","logo":{"@type":"ImageObject","@id":"\/logo.png","url":"\/logo.png","width":600,"height":60}},"image":null,"wordCount":258,"keywords":null},{"@type":"Article","@id":"https:\/\/www.baston.cz\/kdyz-je-vam-dobre\/","headline":"Kdy\u017e je V\u00e1m dob\u0159e","url":"https:\/\/www.baston.cz\/kdyz-je-vam-dobre\/","datePublished":"2025-07-19","dateModified":"2025-07-19","mainEntityOfPage":"https:\/\/www.baston.cz\/kdyz-je-vam-dobre\/","author":{"@type":"Person","@id":"https:\/\/www.baston.cz\/author\/#Person","name":"","url":"https:\/\/www.baston.cz\/author\/","identifier":1,"image":{"@type":"ImageObject","@id":"https:\/\/secure.gravatar.com\/avatar\/c4e504508c75b610a351629e223ddd0c5b7858df84b2b7deedc4e007bdf99fc8?s=96&d=mm&r=g","url":"https:\/\/secure.gravatar.com\/avatar\/c4e504508c75b610a351629e223ddd0c5b7858df84b2b7deedc4e007bdf99fc8?s=96&d=mm&r=g","height":96,"width":96}},"publisher":{"@type":"Organization","name":"baston.cz","logo":{"@type":"ImageObject","@id":"\/logo.png","url":"\/logo.png","width":600,"height":60}},"image":null,"wordCount":222,"keywords":null}]},{"@context":"https:\/\/schema.org","@type":"WebSite","@id":"https:\/\/www.baston.cz\/#website","name":"Baston","url":"https:\/\/www.baston.cz","potentialAction":{"@type":"SearchAction","target":"https:\/\/www.baston.cz\/?s={search_term_string}","query-input":"required name=search_term_string"}}]